{"id":15897,"date":"2024-07-24T12:44:22","date_gmt":"2024-07-24T10:44:22","guid":{"rendered":"https:\/\/www.accessafe.eu\/accessafe-a-new-chapter\/"},"modified":"2026-04-15T14:23:43","modified_gmt":"2026-04-15T12:23:43","slug":"accessafe-a-new-chapter","status":"publish","type":"post","link":"https:\/\/www.accessafe.eu\/fr\/accessafe-a-new-chapter\/","title":{"rendered":"Accessafe : un nouveau chapitre"},"content":{"rendered":"\n<p>Aujourd&rsquo;hui marque l&rsquo;histoire d&rsquo;un nouveau chapitre pour Accessafe, qui devient une marque d\u00e9pos\u00e9e afin de repr\u00e9senter notre identit\u00e9 et celle de nos filiales : une marque qui incarne la s\u00e9curit\u00e9, la qualit\u00e9 et l&rsquo;innovation dans le monde entier.<\/p>\n\n<p>Nous sommes ravis d&rsquo;inaugurer \u00e9galement un nouvel espace sur notre site Web, o\u00f9 nous partagerons r\u00e9guli\u00e8rement nos actualit\u00e9s, les derni\u00e8res tendances du secteur de la s\u00e9curit\u00e9 industrielle, nos produits, nos avanc\u00e9es technologiques, nos r\u00e9ussites, les \u00e9tudes de cas et les bonnes pratiques en interne.<\/p>\n\n<p>Vous y trouverez \u00e9galement des informations sur la qualit\u00e9 et la durabilit\u00e9.<\/p>\n\n<p>Un nouveau voyage nous attend, et nous sommes impatients de nous lancer pour construire un avenir, synonyme de r\u00e9ussite et de s\u00e9curit\u00e9.&#13;\n<\/p>\n\n<p>Pour rester inform\u00e9, inscrivez-vous \u00e0 notre newsletter en remplissant le formulaire.<\/p>\n\n<div class=\"wp-block-buttons is-layout-flex wp-block-buttons-is-layout-flex\">\n<div class=\"wp-block-button\"><a class=\"wp-block-button__link wp-element-button\" href=\"https:\/\/www.accessafe.eu\/fr\/abonnement-a-la-newsletter\/\" target=\"_blank\" rel=\"noreferrer noopener\">REMPLIR LE FORMULAIRE D&rsquo;INSCRIPTION \u00c0 LA LETTRE D&rsquo;INFORMATION<\/a><\/div>\n<\/div>\n","protected":false},"excerpt":{"rendered":"<p>Ce jour marque le d\u00e9but d&rsquo;un nouveau chapitre pour Accessafe, qui devient aujourd&rsquo;hui la marque d\u00e9pos\u00e9e qui repr\u00e9sentera notre identit\u00e9.<\/p>\n","protected":false},"author":2,"featured_media":15744,"comment_status":"closed","ping_status":"open","sticky":false,"template":"","format":"standard","meta":{"site-sidebar-layout":"default","site-content-layout":"","ast-site-content-layout":"default","site-content-style":"default","site-sidebar-style":"default","ast-global-header-display":"","ast-banner-title-visibility":"","ast-main-header-display":"","ast-hfb-above-header-display":"","ast-hfb-below-header-display":"","ast-hfb-mobile-header-display":"","site-post-title":"","ast-breadcrumbs-content":"","ast-featured-img":"","footer-sml-layout":"","ast-disable-related-posts":"","theme-transparent-header-meta":"","adv-header-id-meta":"","stick-header-meta":"","header-above-stick-meta":"","header-main-stick-meta":"","header-below-stick-meta":"","astra-migrate-meta-layouts":"default","ast-page-background-enabled":"default","ast-page-background-meta":{"desktop":{"background-color":"var(--ast-global-color-4)","background-image":"","background-repeat":"repeat","background-position":"center center","background-size":"auto","background-attachment":"scroll","background-type":"","background-media":"","overlay-type":"","overlay-color":"","overlay-opacity":"","overlay-gradient":""},"tablet":{"background-color":"","background-image":"","background-repeat":"repeat","background-position":"center center","background-size":"auto","background-attachment":"scroll","background-type":"","background-media":"","overlay-type":"","overlay-color":"","overlay-opacity":"","overlay-gradient":""},"mobile":{"background-color":"","background-image":"","background-repeat":"repeat","background-position":"center center","background-size":"auto","background-attachment":"scroll","background-type":"","background-media":"","overlay-type":"","overlay-color":"","overlay-opacity":"","overlay-gradient":""}},"ast-content-background-meta":{"desktop":{"background-color":"var(--ast-global-color-5)","background-image":"","background-repeat":"repeat","background-position":"center center","background-size":"auto","background-attachment":"scroll","background-type":"","background-media":"","overlay-type":"","overlay-color":"","overlay-opacity":"","overlay-gradient":""},"tablet":{"background-color":"var(--ast-global-color-5)","background-image":"","background-repeat":"repeat","background-position":"center center","background-size":"auto","background-attachment":"scroll","background-type":"","background-media":"","overlay-type":"","overlay-color":"","overlay-opacity":"","overlay-gradient":""},"mobile":{"background-color":"var(--ast-global-color-5)","background-image":"","background-repeat":"repeat","background-position":"center center","background-size":"auto","background-attachment":"scroll","background-type":"","background-media":"","overlay-type":"","overlay-color":"","overlay-opacity":"","overlay-gradient":""}},"footnotes":""},"categories":[200],"tags":[],"class_list":["post-15897","post","type-post","status-publish","format-standard","has-post-thumbnail","hentry","category-nouvelles"],"yoast_head":"<!-- This site is optimized with the Yoast SEO Premium plugin v27.5 (Yoast SEO v27.5) - https:\/\/yoast.com\/product\/yoast-seo-premium-wordpress\/ -->\n<title>Accessafe : un nouveau chapitre<\/title>\n<meta name=\"description\" content=\"Ce jour marque le d\u00e9but d&#039;un nouveau chapitre pour Accessafe, qui devient aujourd&#039;hui la marque d\u00e9pos\u00e9e qui repr\u00e9sentera notre identit\u00e9.\" \/>\n<meta name=\"robots\" content=\"index, follow, max-snippet:-1, max-image-preview:large, max-video-preview:-1\" \/>\n<link rel=\"canonical\" href=\"https:\/\/www.accessafe.eu\/fr\/accessafe-a-new-chapter\/\" \/>\n<meta property=\"og:locale\" content=\"fr_FR\" \/>\n<meta property=\"og:type\" content=\"article\" \/>\n<meta property=\"og:title\" content=\"Accessafe : un nouveau chapitre\" \/>\n<meta property=\"og:description\" content=\"Ce jour marque le d\u00e9but d&#039;un nouveau chapitre pour Accessafe, qui devient aujourd&#039;hui la marque d\u00e9pos\u00e9e qui repr\u00e9sentera notre identit\u00e9.\" \/>\n<meta property=\"og:url\" content=\"https:\/\/www.accessafe.eu\/fr\/accessafe-a-new-chapter\/\" \/>\n<meta property=\"og:site_name\" content=\"Accessafe\" \/>\n<meta property=\"article:published_time\" content=\"2024-07-24T10:44:22+00:00\" \/>\n<meta property=\"article:modified_time\" content=\"2026-04-15T12:23:43+00:00\" \/>\n<meta property=\"og:image\" content=\"https:\/\/www.accessafe.eu\/wp-content\/uploads\/2024\/07\/Accessafe-un-nuovo-capitolo.jpg\" \/>\n\t<meta property=\"og:image:width\" content=\"1000\" \/>\n\t<meta property=\"og:image:height\" content=\"500\" \/>\n\t<meta property=\"og:image:type\" content=\"image\/jpeg\" \/>\n<meta name=\"author\" content=\"Factory Communication\" \/>\n<meta name=\"twitter:card\" content=\"summary_large_image\" \/>\n<meta name=\"twitter:label1\" content=\"\u00c9crit par\" \/>\n\t<meta name=\"twitter:data1\" content=\"Factory Communication\" \/>\n\t<meta name=\"twitter:label2\" content=\"Dur\u00e9e de lecture estim\u00e9e\" \/>\n\t<meta name=\"twitter:data2\" content=\"1 minute\" \/>\n<script type=\"application\/ld+json\" class=\"yoast-schema-graph\">{\"@context\":\"https:\\\/\\\/schema.org\",\"@graph\":[{\"@type\":\"Article\",\"@id\":\"https:\\\/\\\/www.accessafe.eu\\\/fr\\\/accessafe-a-new-chapter\\\/#article\",\"isPartOf\":{\"@id\":\"https:\\\/\\\/www.accessafe.eu\\\/fr\\\/accessafe-a-new-chapter\\\/\"},\"author\":{\"name\":\"Factory Communication\",\"@id\":\"https:\\\/\\\/www.accessafe.eu\\\/fr\\\/#\\\/schema\\\/person\\\/04460925637501a57fd41cc6d00c92c5\"},\"headline\":\"Accessafe : un nouveau chapitre\",\"datePublished\":\"2024-07-24T10:44:22+00:00\",\"dateModified\":\"2026-04-15T12:23:43+00:00\",\"mainEntityOfPage\":{\"@id\":\"https:\\\/\\\/www.accessafe.eu\\\/fr\\\/accessafe-a-new-chapter\\\/\"},\"wordCount\":156,\"publisher\":{\"@id\":\"https:\\\/\\\/www.accessafe.eu\\\/fr\\\/#organization\"},\"image\":{\"@id\":\"https:\\\/\\\/www.accessafe.eu\\\/fr\\\/accessafe-a-new-chapter\\\/#primaryimage\"},\"thumbnailUrl\":\"https:\\\/\\\/www.accessafe.eu\\\/wp-content\\\/uploads\\\/2024\\\/07\\\/Accessafe-un-nuovo-capitolo.jpg\",\"articleSection\":[\"Nouvelles\"],\"inLanguage\":\"fr-FR\"},{\"@type\":\"WebPage\",\"@id\":\"https:\\\/\\\/www.accessafe.eu\\\/fr\\\/accessafe-a-new-chapter\\\/\",\"url\":\"https:\\\/\\\/www.accessafe.eu\\\/fr\\\/accessafe-a-new-chapter\\\/\",\"name\":\"Accessafe : un nouveau chapitre\",\"isPartOf\":{\"@id\":\"https:\\\/\\\/www.accessafe.eu\\\/fr\\\/#website\"},\"primaryImageOfPage\":{\"@id\":\"https:\\\/\\\/www.accessafe.eu\\\/fr\\\/accessafe-a-new-chapter\\\/#primaryimage\"},\"image\":{\"@id\":\"https:\\\/\\\/www.accessafe.eu\\\/fr\\\/accessafe-a-new-chapter\\\/#primaryimage\"},\"thumbnailUrl\":\"https:\\\/\\\/www.accessafe.eu\\\/wp-content\\\/uploads\\\/2024\\\/07\\\/Accessafe-un-nuovo-capitolo.jpg\",\"datePublished\":\"2024-07-24T10:44:22+00:00\",\"dateModified\":\"2026-04-15T12:23:43+00:00\",\"description\":\"Ce jour marque le d\u00e9but d'un nouveau chapitre pour Accessafe, qui devient aujourd'hui la marque d\u00e9pos\u00e9e qui repr\u00e9sentera notre identit\u00e9.\",\"breadcrumb\":{\"@id\":\"https:\\\/\\\/www.accessafe.eu\\\/fr\\\/accessafe-a-new-chapter\\\/#breadcrumb\"},\"inLanguage\":\"fr-FR\",\"potentialAction\":[{\"@type\":\"ReadAction\",\"target\":[\"https:\\\/\\\/www.accessafe.eu\\\/fr\\\/accessafe-a-new-chapter\\\/\"]}]},{\"@type\":\"ImageObject\",\"inLanguage\":\"fr-FR\",\"@id\":\"https:\\\/\\\/www.accessafe.eu\\\/fr\\\/accessafe-a-new-chapter\\\/#primaryimage\",\"url\":\"https:\\\/\\\/www.accessafe.eu\\\/wp-content\\\/uploads\\\/2024\\\/07\\\/Accessafe-un-nuovo-capitolo.jpg\",\"contentUrl\":\"https:\\\/\\\/www.accessafe.eu\\\/wp-content\\\/uploads\\\/2024\\\/07\\\/Accessafe-un-nuovo-capitolo.jpg\",\"width\":1000,\"height\":500},{\"@type\":\"BreadcrumbList\",\"@id\":\"https:\\\/\\\/www.accessafe.eu\\\/fr\\\/accessafe-a-new-chapter\\\/#breadcrumb\",\"itemListElement\":[{\"@type\":\"ListItem\",\"position\":1,\"name\":\"Home\",\"item\":\"https:\\\/\\\/www.accessafe.eu\\\/fr\\\/\"},{\"@type\":\"ListItem\",\"position\":2,\"name\":\"Accessafe : un nouveau chapitre\"}]},{\"@type\":\"WebSite\",\"@id\":\"https:\\\/\\\/www.accessafe.eu\\\/fr\\\/#website\",\"url\":\"https:\\\/\\\/www.accessafe.eu\\\/fr\\\/\",\"name\":\"Accessafe\",\"description\":\"Accessafe partner globale per la sicurezza industriale\",\"publisher\":{\"@id\":\"https:\\\/\\\/www.accessafe.eu\\\/fr\\\/#organization\"},\"alternateName\":\"Accessafe\",\"potentialAction\":[{\"@type\":\"SearchAction\",\"target\":{\"@type\":\"EntryPoint\",\"urlTemplate\":\"https:\\\/\\\/www.accessafe.eu\\\/fr\\\/?s={search_term_string}\"},\"query-input\":{\"@type\":\"PropertyValueSpecification\",\"valueRequired\":true,\"valueName\":\"search_term_string\"}}],\"inLanguage\":\"fr-FR\"},{\"@type\":\"Organization\",\"@id\":\"https:\\\/\\\/www.accessafe.eu\\\/fr\\\/#organization\",\"name\":\"Accessafe\",\"alternateName\":\"Accessafe\",\"url\":\"https:\\\/\\\/www.accessafe.eu\\\/fr\\\/\",\"logo\":{\"@type\":\"ImageObject\",\"inLanguage\":\"fr-FR\",\"@id\":\"https:\\\/\\\/www.accessafe.eu\\\/fr\\\/#\\\/schema\\\/logo\\\/image\\\/\",\"url\":\"https:\\\/\\\/www.accessafe.eu\\\/wp-content\\\/uploads\\\/2026\\\/03\\\/accessafe-logotipo.png\",\"contentUrl\":\"https:\\\/\\\/www.accessafe.eu\\\/wp-content\\\/uploads\\\/2026\\\/03\\\/accessafe-logotipo.png\",\"width\":400,\"height\":66,\"caption\":\"Accessafe\"},\"image\":{\"@id\":\"https:\\\/\\\/www.accessafe.eu\\\/fr\\\/#\\\/schema\\\/logo\\\/image\\\/\"},\"description\":\"Accessafe \u00e8 il partner globale per la sicurezza industriale: con sistemi di protezione perimetrale, consulenze e soluzioni per la marcatura CE dei macchinari, trasformiamo gli ambienti produttivi in spazi sicuri, efficienti e rispettosi dell\u2019ambiente.\",\"email\":\"info@accessafe.eu\",\"telephone\":\"+390399515951\",\"legalName\":\"Access Srl\",\"vatID\":\"05718410961\",\"taxID\":\"05718410961\"},{\"@type\":\"Person\",\"@id\":\"https:\\\/\\\/www.accessafe.eu\\\/fr\\\/#\\\/schema\\\/person\\\/04460925637501a57fd41cc6d00c92c5\",\"name\":\"Factory Communication\",\"image\":{\"@type\":\"ImageObject\",\"inLanguage\":\"fr-FR\",\"@id\":\"https:\\\/\\\/secure.gravatar.com\\\/avatar\\\/c76bd8c666ec8fe7bb1550bb53e2af4b7780dcaed89f7a6526236c2ed1f63b95?s=96&d=mm&r=g\",\"url\":\"https:\\\/\\\/secure.gravatar.com\\\/avatar\\\/c76bd8c666ec8fe7bb1550bb53e2af4b7780dcaed89f7a6526236c2ed1f63b95?s=96&d=mm&r=g\",\"contentUrl\":\"https:\\\/\\\/secure.gravatar.com\\\/avatar\\\/c76bd8c666ec8fe7bb1550bb53e2af4b7780dcaed89f7a6526236c2ed1f63b95?s=96&d=mm&r=g\",\"caption\":\"Factory Communication\"},\"sameAs\":[\"http:\\\/\\\/www.factorycommunication.it\"],\"url\":\"https:\\\/\\\/www.accessafe.eu\\\/fr\\\/author\\\/ideesol\\\/\"}]}<\/script>\n<!-- \/ Yoast SEO Premium plugin. -->","yoast_head_json":{"title":"Accessafe : un nouveau chapitre","description":"Ce jour marque le d\u00e9but d'un nouveau chapitre pour Accessafe, qui devient aujourd'hui la marque d\u00e9pos\u00e9e qui repr\u00e9sentera notre identit\u00e9.","robots":{"index":"index","follow":"follow","max-snippet":"max-snippet:-1","max-image-preview":"max-image-preview:large","max-video-preview":"max-video-preview:-1"},"canonical":"https:\/\/www.accessafe.eu\/fr\/accessafe-a-new-chapter\/","og_locale":"fr_FR","og_type":"article","og_title":"Accessafe : un nouveau chapitre","og_description":"Ce jour marque le d\u00e9but d'un nouveau chapitre pour Accessafe, qui devient aujourd'hui la marque d\u00e9pos\u00e9e qui repr\u00e9sentera notre identit\u00e9.","og_url":"https:\/\/www.accessafe.eu\/fr\/accessafe-a-new-chapter\/","og_site_name":"Accessafe","article_published_time":"2024-07-24T10:44:22+00:00","article_modified_time":"2026-04-15T12:23:43+00:00","og_image":[{"width":1000,"height":500,"url":"https:\/\/www.accessafe.eu\/wp-content\/uploads\/2024\/07\/Accessafe-un-nuovo-capitolo.jpg","type":"image\/jpeg"}],"author":"Factory Communication","twitter_card":"summary_large_image","twitter_misc":{"\u00c9crit par":"Factory Communication","Dur\u00e9e de lecture estim\u00e9e":"1 minute"},"schema":{"@context":"https:\/\/schema.org","@graph":[{"@type":"Article","@id":"https:\/\/www.accessafe.eu\/fr\/accessafe-a-new-chapter\/#article","isPartOf":{"@id":"https:\/\/www.accessafe.eu\/fr\/accessafe-a-new-chapter\/"},"author":{"name":"Factory Communication","@id":"https:\/\/www.accessafe.eu\/fr\/#\/schema\/person\/04460925637501a57fd41cc6d00c92c5"},"headline":"Accessafe : un nouveau chapitre","datePublished":"2024-07-24T10:44:22+00:00","dateModified":"2026-04-15T12:23:43+00:00","mainEntityOfPage":{"@id":"https:\/\/www.accessafe.eu\/fr\/accessafe-a-new-chapter\/"},"wordCount":156,"publisher":{"@id":"https:\/\/www.accessafe.eu\/fr\/#organization"},"image":{"@id":"https:\/\/www.accessafe.eu\/fr\/accessafe-a-new-chapter\/#primaryimage"},"thumbnailUrl":"https:\/\/www.accessafe.eu\/wp-content\/uploads\/2024\/07\/Accessafe-un-nuovo-capitolo.jpg","articleSection":["Nouvelles"],"inLanguage":"fr-FR"},{"@type":"WebPage","@id":"https:\/\/www.accessafe.eu\/fr\/accessafe-a-new-chapter\/","url":"https:\/\/www.accessafe.eu\/fr\/accessafe-a-new-chapter\/","name":"Accessafe : un nouveau chapitre","isPartOf":{"@id":"https:\/\/www.accessafe.eu\/fr\/#website"},"primaryImageOfPage":{"@id":"https:\/\/www.accessafe.eu\/fr\/accessafe-a-new-chapter\/#primaryimage"},"image":{"@id":"https:\/\/www.accessafe.eu\/fr\/accessafe-a-new-chapter\/#primaryimage"},"thumbnailUrl":"https:\/\/www.accessafe.eu\/wp-content\/uploads\/2024\/07\/Accessafe-un-nuovo-capitolo.jpg","datePublished":"2024-07-24T10:44:22+00:00","dateModified":"2026-04-15T12:23:43+00:00","description":"Ce jour marque le d\u00e9but d'un nouveau chapitre pour Accessafe, qui devient aujourd'hui la marque d\u00e9pos\u00e9e qui repr\u00e9sentera notre identit\u00e9.","breadcrumb":{"@id":"https:\/\/www.accessafe.eu\/fr\/accessafe-a-new-chapter\/#breadcrumb"},"inLanguage":"fr-FR","potentialAction":[{"@type":"ReadAction","target":["https:\/\/www.accessafe.eu\/fr\/accessafe-a-new-chapter\/"]}]},{"@type":"ImageObject","inLanguage":"fr-FR","@id":"https:\/\/www.accessafe.eu\/fr\/accessafe-a-new-chapter\/#primaryimage","url":"https:\/\/www.accessafe.eu\/wp-content\/uploads\/2024\/07\/Accessafe-un-nuovo-capitolo.jpg","contentUrl":"https:\/\/www.accessafe.eu\/wp-content\/uploads\/2024\/07\/Accessafe-un-nuovo-capitolo.jpg","width":1000,"height":500},{"@type":"BreadcrumbList","@id":"https:\/\/www.accessafe.eu\/fr\/accessafe-a-new-chapter\/#breadcrumb","itemListElement":[{"@type":"ListItem","position":1,"name":"Home","item":"https:\/\/www.accessafe.eu\/fr\/"},{"@type":"ListItem","position":2,"name":"Accessafe : un nouveau chapitre"}]},{"@type":"WebSite","@id":"https:\/\/www.accessafe.eu\/fr\/#website","url":"https:\/\/www.accessafe.eu\/fr\/","name":"Accessafe","description":"Accessafe partner globale per la sicurezza industriale","publisher":{"@id":"https:\/\/www.accessafe.eu\/fr\/#organization"},"alternateName":"Accessafe","potentialAction":[{"@type":"SearchAction","target":{"@type":"EntryPoint","urlTemplate":"https:\/\/www.accessafe.eu\/fr\/?s={search_term_string}"},"query-input":{"@type":"PropertyValueSpecification","valueRequired":true,"valueName":"search_term_string"}}],"inLanguage":"fr-FR"},{"@type":"Organization","@id":"https:\/\/www.accessafe.eu\/fr\/#organization","name":"Accessafe","alternateName":"Accessafe","url":"https:\/\/www.accessafe.eu\/fr\/","logo":{"@type":"ImageObject","inLanguage":"fr-FR","@id":"https:\/\/www.accessafe.eu\/fr\/#\/schema\/logo\/image\/","url":"https:\/\/www.accessafe.eu\/wp-content\/uploads\/2026\/03\/accessafe-logotipo.png","contentUrl":"https:\/\/www.accessafe.eu\/wp-content\/uploads\/2026\/03\/accessafe-logotipo.png","width":400,"height":66,"caption":"Accessafe"},"image":{"@id":"https:\/\/www.accessafe.eu\/fr\/#\/schema\/logo\/image\/"},"description":"Accessafe \u00e8 il partner globale per la sicurezza industriale: con sistemi di protezione perimetrale, consulenze e soluzioni per la marcatura CE dei macchinari, trasformiamo gli ambienti produttivi in spazi sicuri, efficienti e rispettosi dell\u2019ambiente.","email":"info@accessafe.eu","telephone":"+390399515951","legalName":"Access Srl","vatID":"05718410961","taxID":"05718410961"},{"@type":"Person","@id":"https:\/\/www.accessafe.eu\/fr\/#\/schema\/person\/04460925637501a57fd41cc6d00c92c5","name":"Factory Communication","image":{"@type":"ImageObject","inLanguage":"fr-FR","@id":"https:\/\/secure.gravatar.com\/avatar\/c76bd8c666ec8fe7bb1550bb53e2af4b7780dcaed89f7a6526236c2ed1f63b95?s=96&d=mm&r=g","url":"https:\/\/secure.gravatar.com\/avatar\/c76bd8c666ec8fe7bb1550bb53e2af4b7780dcaed89f7a6526236c2ed1f63b95?s=96&d=mm&r=g","contentUrl":"https:\/\/secure.gravatar.com\/avatar\/c76bd8c666ec8fe7bb1550bb53e2af4b7780dcaed89f7a6526236c2ed1f63b95?s=96&d=mm&r=g","caption":"Factory Communication"},"sameAs":["http:\/\/www.factorycommunication.it"],"url":"https:\/\/www.accessafe.eu\/fr\/author\/ideesol\/"}]}},"_links":{"self":[{"href":"https:\/\/www.accessafe.eu\/fr\/wp-json\/wp\/v2\/posts\/15897","targetHints":{"allow":["GET"]}}],"collection":[{"href":"https:\/\/www.accessafe.eu\/fr\/wp-json\/wp\/v2\/posts"}],"about":[{"href":"https:\/\/www.accessafe.eu\/fr\/wp-json\/wp\/v2\/types\/post"}],"author":[{"embeddable":true,"href":"https:\/\/www.accessafe.eu\/fr\/wp-json\/wp\/v2\/users\/2"}],"replies":[{"embeddable":true,"href":"https:\/\/www.accessafe.eu\/fr\/wp-json\/wp\/v2\/comments?post=15897"}],"version-history":[{"count":5,"href":"https:\/\/www.accessafe.eu\/fr\/wp-json\/wp\/v2\/posts\/15897\/revisions"}],"predecessor-version":[{"id":20361,"href":"https:\/\/www.accessafe.eu\/fr\/wp-json\/wp\/v2\/posts\/15897\/revisions\/20361"}],"wp:featuredmedia":[{"embeddable":true,"href":"https:\/\/www.accessafe.eu\/fr\/wp-json\/wp\/v2\/media\/15744"}],"wp:attachment":[{"href":"https:\/\/www.accessafe.eu\/fr\/wp-json\/wp\/v2\/media?parent=15897"}],"wp:term":[{"taxonomy":"category","embeddable":true,"href":"https:\/\/www.accessafe.eu\/fr\/wp-json\/wp\/v2\/categories?post=15897"},{"taxonomy":"post_tag","embeddable":true,"href":"https:\/\/www.accessafe.eu\/fr\/wp-json\/wp\/v2\/tags?post=15897"}],"curies":[{"name":"wp","href":"https:\/\/api.w.org\/{rel}","templated":true}]}}